{"id":1816,"date":"2021-04-12T09:01:18","date_gmt":"2021-04-12T09:01:18","guid":{"rendered":"https:\/\/re-public.ba\/bhaaas-mediacentar-sarajevo-i-agencija-republic-pokrecu-projekat-razvoja-naucnog-novinarstva-u-bosni-i-hercegovini\/"},"modified":"2021-04-12T09:01:18","modified_gmt":"2021-04-12T09:01:18","slug":"bhaaas-mediacentar-sarajevo-i-agencija-republic-pokrecu-projekat-razvoja-naucnog-novinarstva-u-bosni-i-hercegovini","status":"publish","type":"post","link":"https:\/\/re-public.ba\/tr\/bhaaas-mediacentar-sarajevo-i-agencija-republic-pokrecu-projekat-razvoja-naucnog-novinarstva-u-bosni-i-hercegovini\/","title":{"rendered":"BHAAAS, Mediacentar Sarajevo i agencija Republic pokre\u0107u projekat razvoja nau\u010dnog novinarstva u Bosni i Hercegovini"},"content":{"rendered":"<p>Bosanskohercegova\u010dko-ameri\u010dka akademija umjetnosti i nauka (BHAAAS), u partnerstvu sa Mediacentrom Sarajevo, uz podr\u0161ku Fonda Otvoreno Dru\u0161tvo BiH i marketing agencije Republic iz Sarajeva, pokre\u0107e \u0161estomjese\u010dni projekat <strong>razvoja nau\u010dnog novinarstva u Bosni i Hercegovini<\/strong>.<br \/>\n<!--more--><br \/>\nKoriste\u0107i pandemiju kao glavni fokus projekta, <strong>novinari, medijski profesionalci, studenti i drugi zainteresirani imat \u0107e jedinstvenu priliku da steknu i primijene znanje u sferi nau\u010dnog novinarstva<\/strong>, ponude i realiziraju svoje ideje za pobolj\u0161anje izvje\u0161tavanja o nau\u010dnim temama, te da sura\u0111uju sa stru\u010dnjacima iz regiona i \u0161ire. Projekat \u0107e po\u010deti istra\u017eivanjem gdje \u0107e se kroz analizu izvje\u0161tavanja bh. medija o vakcinama i fokus grupu u kojoj \u0107e u\u010destvovati nau\u010dnici i novinari, identifikovati klju\u010dni trendovi i izazovi u izvje\u0161tavanju o pandemiji i drugim temama nau\u010dne prirode.<\/p>\n<p>U aprilu \u0107e biti odr\u017ean <strong>dvodnevni hakaton za mlade<\/strong> posve\u0107en rje\u0161enjima za promociju nau\u010dnog novinarstva a u svrhu bolje informiranosti gra\u0111ana. <strong>Osnovni cilj aktivnosti je pro\u0161iriti svijest me\u0111u mladim ljudima o zna\u010daju adekvatnog i vjerodostojnog informiranja javnosti o nau\u010dnim temama<\/strong>.<\/p>\n<p><strong>U julu \u0107e biti odr\u017eana trodnevna online konferencija<\/strong> na kojoj \u0107e profesionalni nau\u010dni novinari i drugi stru\u010dnjaci iz regiona i \u0161ire odr\u017eati predavanja i radionice sa jedinstvenim edukacijskim sadr\u017eajem.<\/p>\n<p>Kao finalna aktivnost projekta, kroz otvoreni poziv i proces selekcije, <strong>7 izabranih novinara \u0107e dobiti stipendiju za pisanje i objavu visokokvalitetnog izvje\u0161taja na neku od nau\u010dnih tema<\/strong>,\u00a0 uz kontinuiranu podr\u0161ku mentora (nau\u010dnika i medijskih stru\u010dnjaka). Iza ovog projekta medijskoj i nau\u010dnoj zajednici osta\u0107e na raspologanju resursi i znanja koja \u0107e koristiti za dalji razvoj i unapre\u0111enje nau\u010dnog novinarstva u Bosni i Hercegovini.<\/p>\n<p><em>\u201cNauka i pitanja nau\u010dne prirode sve vi\u0161e postaju neizbje\u017ean dio javne rasprave. Od globalnog zagrijavanja pa do COVID-19 pandemije s kojom se suo\u010davamo, jasno je da na\u0161a egzistencija zavisi od nauke. Samim tim, od velike je va\u017enosti da je javnost adekvatno informisana o ovim temama i da se gradi odre\u0111eni nivo nau\u010dne pismenosti u dru\u0161tvu. Mediji su jedan od glavnih platformi kroz koju se ovo posti\u017ee. Me\u0111utim, ne treba sve prepustiti novinarima, smatram da novinari i nau\u010dnici treba da sura\u0111uju mnogo vi\u0161e i zajedni\u010dki rade na formiraju javnog mnijenja. Zbog toga \u0107e ovaj projekat raditi na spajanju upravo ova dva svijeta\u201d<\/em>, kazala je<strong> dr. Ljiljana \u0110ukanovi\u0107<\/strong>, \u010dlanica BHAAAS-a i rukovoditeljica projekta.<\/p>\n<p>Vrlo specifi\u010dna znanja iz oblasti prirodnih nauka, razumijevanje razli\u010ditih farmaceutskih i zdravstvenih pojmova i procesa, u vrijeme pandemije COVID-19 pokazala su se izuzetno va\u017enim za novinare i urednike kako bi sve ovo \u0161to se de\u0161ava i sami razumjeli, a onda o tome i izvijestili i objasnili \u0161irokoj javnosti, podsje\u0107a <strong>Elvira Juki\u0107-Mujki\u0107<\/strong>, urednica u Mediacentru Sarajevo<em>. <\/em><\/p>\n<p><em>\u201ePogo\u0111eni ovakvom krizom i u tom smislu nepripremljeni, bez jednostavno dostupnih i sistemati\u010dnih edukativnih materijala, mnogim novinarima je razumljivo bilo veoma te\u0161ko da postavljaju precizna pitanja, da prave kvalitetne izvje\u0161taje i da javnosti prenesu najva\u017enije \u0161to treba da znaju kako bi razumjeli \u0161ta se de\u0161ava, \u0161ta uraditi i gdje je rje\u0161enje. Upravo je kvalitetan zajedni\u010dki rad nau\u010dnika i novinara dio rje\u0161enja i vjerujem da \u0107e edukacije o nau\u010dnom novinarstvu dati koristi i medijima i \u0161iroj javnosti\u201c, <\/em>ka\u017ee Juki\u0107-Mujki\u0107.<\/p>\n","protected":false},"excerpt":{"rendered":"<p>Bosanskohercegova\u010dko-ameri\u010dka akademija umjetnosti i nauka (BHAAAS), u partnerstvu sa Mediacentrom Sarajevo, uz podr\u0161ku Fonda Otvoreno Dru\u0161tvo BiH i marketing agencije Republic iz Sarajeva, pokre\u0107e \u0161estomjese\u010dni projekat razvoja nau\u010dnog novinarstva u [&hellip;]<\/p>\n<p><a href=\"https:\/\/re-public.ba\/tr\/bhaaas-mediacentar-sarajevo-i-agencija-republic-pokrecu-projekat-razvoja-naucnog-novinarstva-u-bosni-i-hercegovini\/\" class=\"more-link style2-button\">Read More<\/a><\/p>","protected":false},"author":2,"featured_media":1809,"comment_status":"closed","ping_status":"closed","sticky":false,"template":"","format":"standard","meta":[],"categories":[16],"tags":[],"yoast_head":"<!-- This site is optimized with the Yoast SEO plugin v18.6 - https:\/\/yoast.com\/wordpress\/plugins\/seo\/ -->\n<title>BHAAAS, Mediacentar Sarajevo i agencija Republic pokre\u0107u projekat razvoja nau\u010dnog novinarstva u Bosni i Hercegovini - Republic<\/title>\n<meta name=\"robots\" content=\"index, follow, max-snippet:-1, max-image-preview:large, max-video-preview:-1\" \/>\n<link rel=\"canonical\" href=\"https:\/\/re-public.ba\/tr\/bhaaas-mediacentar-sarajevo-i-agencija-republic-pokrecu-projekat-razvoja-naucnog-novinarstva-u-bosni-i-hercegovini\/\" \/>\n<meta property=\"og:locale\" content=\"tr_TR\" \/>\n<meta property=\"og:type\" content=\"article\" \/>\n<meta property=\"og:title\" content=\"BHAAAS, Mediacentar Sarajevo i agencija Republic pokre\u0107u projekat razvoja nau\u010dnog novinarstva u Bosni i Hercegovini - Republic\" \/>\n<meta property=\"og:description\" content=\"Bosanskohercegova\u010dko-ameri\u010dka akademija umjetnosti i nauka (BHAAAS), u partnerstvu sa Mediacentrom Sarajevo, uz podr\u0161ku Fonda Otvoreno Dru\u0161tvo BiH i marketing agencije Republic iz Sarajeva, pokre\u0107e \u0161estomjese\u010dni projekat razvoja nau\u010dnog novinarstva u [&hellip;]\" \/>\n<meta property=\"og:url\" content=\"https:\/\/re-public.ba\/tr\/bhaaas-mediacentar-sarajevo-i-agencija-republic-pokrecu-projekat-razvoja-naucnog-novinarstva-u-bosni-i-hercegovini\/\" \/>\n<meta property=\"og:site_name\" content=\"Republic\" \/>\n<meta property=\"article:publisher\" content=\"https:\/\/www.facebook.com\/republicagencijabih\" \/>\n<meta property=\"article:published_time\" content=\"2021-04-12T09:01:18+00:00\" \/>\n<meta property=\"og:image\" content=\"https:\/\/re-public.ba\/wp-content\/uploads\/2021\/04\/razvoj-naucnog-novinarstva.jpg\" \/>\n\t<meta property=\"og:image:width\" content=\"1000\" \/>\n\t<meta property=\"og:image:height\" content=\"565\" \/>\n\t<meta property=\"og:image:type\" content=\"image\/jpeg\" \/>\n<meta name=\"twitter:card\" content=\"summary_large_image\" \/>\n<meta name=\"twitter:label1\" content=\"Written by\" \/>\n\t<meta name=\"twitter:data1\" content=\"Republic Sarajevo\" \/>\n\t<meta name=\"twitter:label2\" content=\"Est. reading time\" \/>\n\t<meta name=\"twitter:data2\" content=\"3 minutes\" \/>\n<script type=\"application\/ld+json\" class=\"yoast-schema-graph\">{\"@context\":\"https:\/\/schema.org\",\"@graph\":[{\"@type\":\"WebSite\",\"@id\":\"https:\/\/re-public.ba\/#website\",\"url\":\"https:\/\/re-public.ba\/\",\"name\":\"Republic\",\"description\":\"Marketing agencija Sarajevo\",\"potentialAction\":[{\"@type\":\"SearchAction\",\"target\":{\"@type\":\"EntryPoint\",\"urlTemplate\":\"https:\/\/re-public.ba\/?s={search_term_string}\"},\"query-input\":\"required name=search_term_string\"}],\"inLanguage\":\"tr-TR\"},{\"@type\":\"ImageObject\",\"@id\":\"https:\/\/re-public.ba\/tr\/bhaaas-mediacentar-sarajevo-i-agencija-republic-pokrecu-projekat-razvoja-naucnog-novinarstva-u-bosni-i-hercegovini\/#primaryimage\",\"inLanguage\":\"tr-TR\",\"url\":\"https:\/\/re-public.ba\/wp-content\/uploads\/2021\/04\/razvoj-naucnog-novinarstva.jpg\",\"contentUrl\":\"https:\/\/re-public.ba\/wp-content\/uploads\/2021\/04\/razvoj-naucnog-novinarstva.jpg\",\"width\":1000,\"height\":565},{\"@type\":\"WebPage\",\"@id\":\"https:\/\/re-public.ba\/tr\/bhaaas-mediacentar-sarajevo-i-agencija-republic-pokrecu-projekat-razvoja-naucnog-novinarstva-u-bosni-i-hercegovini\/#webpage\",\"url\":\"https:\/\/re-public.ba\/tr\/bhaaas-mediacentar-sarajevo-i-agencija-republic-pokrecu-projekat-razvoja-naucnog-novinarstva-u-bosni-i-hercegovini\/\",\"name\":\"BHAAAS, Mediacentar Sarajevo i agencija Republic pokre\u0107u projekat razvoja nau\u010dnog novinarstva u Bosni i Hercegovini - Republic\",\"isPartOf\":{\"@id\":\"https:\/\/re-public.ba\/#website\"},\"primaryImageOfPage\":{\"@id\":\"https:\/\/re-public.ba\/tr\/bhaaas-mediacentar-sarajevo-i-agencija-republic-pokrecu-projekat-razvoja-naucnog-novinarstva-u-bosni-i-hercegovini\/#primaryimage\"},\"datePublished\":\"2021-04-12T09:01:18+00:00\",\"dateModified\":\"2021-04-12T09:01:18+00:00\",\"author\":{\"@id\":\"https:\/\/re-public.ba\/#\/schema\/person\/f0b106edc6cdc295b6099c90ecab02b3\"},\"breadcrumb\":{\"@id\":\"https:\/\/re-public.ba\/tr\/bhaaas-mediacentar-sarajevo-i-agencija-republic-pokrecu-projekat-razvoja-naucnog-novinarstva-u-bosni-i-hercegovini\/#breadcrumb\"},\"inLanguage\":\"tr-TR\",\"potentialAction\":[{\"@type\":\"ReadAction\",\"target\":[\"https:\/\/re-public.ba\/tr\/bhaaas-mediacentar-sarajevo-i-agencija-republic-pokrecu-projekat-razvoja-naucnog-novinarstva-u-bosni-i-hercegovini\/\"]}]},{\"@type\":\"BreadcrumbList\",\"@id\":\"https:\/\/re-public.ba\/tr\/bhaaas-mediacentar-sarajevo-i-agencija-republic-pokrecu-projekat-razvoja-naucnog-novinarstva-u-bosni-i-hercegovini\/#breadcrumb\",\"itemListElement\":[{\"@type\":\"ListItem\",\"position\":1,\"name\":\"BHAAAS, Mediacentar Sarajevo i agencija Republic pokre\u0107u projekat razvoja nau\u010dnog novinarstva u Bosni i Hercegovini\"}]},{\"@type\":\"Person\",\"@id\":\"https:\/\/re-public.ba\/#\/schema\/person\/f0b106edc6cdc295b6099c90ecab02b3\",\"name\":\"Republic Sarajevo\",\"url\":\"https:\/\/re-public.ba\/tr\/author\/republicsa\/\"}]}<\/script>\n<!-- \/ Yoast SEO plugin. -->","yoast_head_json":{"title":"BHAAAS, Mediacentar Sarajevo i agencija Republic pokre\u0107u projekat razvoja nau\u010dnog novinarstva u Bosni i Hercegovini - Republic","robots":{"index":"index","follow":"follow","max-snippet":"max-snippet:-1","max-image-preview":"max-image-preview:large","max-video-preview":"max-video-preview:-1"},"canonical":"https:\/\/re-public.ba\/tr\/bhaaas-mediacentar-sarajevo-i-agencija-republic-pokrecu-projekat-razvoja-naucnog-novinarstva-u-bosni-i-hercegovini\/","og_locale":"tr_TR","og_type":"article","og_title":"BHAAAS, Mediacentar Sarajevo i agencija Republic pokre\u0107u projekat razvoja nau\u010dnog novinarstva u Bosni i Hercegovini - Republic","og_description":"Bosanskohercegova\u010dko-ameri\u010dka akademija umjetnosti i nauka (BHAAAS), u partnerstvu sa Mediacentrom Sarajevo, uz podr\u0161ku Fonda Otvoreno Dru\u0161tvo BiH i marketing agencije Republic iz Sarajeva, pokre\u0107e \u0161estomjese\u010dni projekat razvoja nau\u010dnog novinarstva u [&hellip;]","og_url":"https:\/\/re-public.ba\/tr\/bhaaas-mediacentar-sarajevo-i-agencija-republic-pokrecu-projekat-razvoja-naucnog-novinarstva-u-bosni-i-hercegovini\/","og_site_name":"Republic","article_publisher":"https:\/\/www.facebook.com\/republicagencijabih","article_published_time":"2021-04-12T09:01:18+00:00","og_image":[{"width":1000,"height":565,"url":"https:\/\/re-public.ba\/wp-content\/uploads\/2021\/04\/razvoj-naucnog-novinarstva.jpg","type":"image\/jpeg"}],"twitter_card":"summary_large_image","twitter_misc":{"Written by":"Republic Sarajevo","Est. reading time":"3 minutes"},"schema":{"@context":"https:\/\/schema.org","@graph":[{"@type":"WebSite","@id":"https:\/\/re-public.ba\/#website","url":"https:\/\/re-public.ba\/","name":"Republic","description":"Marketing agencija Sarajevo","potentialAction":[{"@type":"SearchAction","target":{"@type":"EntryPoint","urlTemplate":"https:\/\/re-public.ba\/?s={search_term_string}"},"query-input":"required name=search_term_string"}],"inLanguage":"tr-TR"},{"@type":"ImageObject","@id":"https:\/\/re-public.ba\/tr\/bhaaas-mediacentar-sarajevo-i-agencija-republic-pokrecu-projekat-razvoja-naucnog-novinarstva-u-bosni-i-hercegovini\/#primaryimage","inLanguage":"tr-TR","url":"https:\/\/re-public.ba\/wp-content\/uploads\/2021\/04\/razvoj-naucnog-novinarstva.jpg","contentUrl":"https:\/\/re-public.ba\/wp-content\/uploads\/2021\/04\/razvoj-naucnog-novinarstva.jpg","width":1000,"height":565},{"@type":"WebPage","@id":"https:\/\/re-public.ba\/tr\/bhaaas-mediacentar-sarajevo-i-agencija-republic-pokrecu-projekat-razvoja-naucnog-novinarstva-u-bosni-i-hercegovini\/#webpage","url":"https:\/\/re-public.ba\/tr\/bhaaas-mediacentar-sarajevo-i-agencija-republic-pokrecu-projekat-razvoja-naucnog-novinarstva-u-bosni-i-hercegovini\/","name":"BHAAAS, Mediacentar Sarajevo i agencija Republic pokre\u0107u projekat razvoja nau\u010dnog novinarstva u Bosni i Hercegovini - Republic","isPartOf":{"@id":"https:\/\/re-public.ba\/#website"},"primaryImageOfPage":{"@id":"https:\/\/re-public.ba\/tr\/bhaaas-mediacentar-sarajevo-i-agencija-republic-pokrecu-projekat-razvoja-naucnog-novinarstva-u-bosni-i-hercegovini\/#primaryimage"},"datePublished":"2021-04-12T09:01:18+00:00","dateModified":"2021-04-12T09:01:18+00:00","author":{"@id":"https:\/\/re-public.ba\/#\/schema\/person\/f0b106edc6cdc295b6099c90ecab02b3"},"breadcrumb":{"@id":"https:\/\/re-public.ba\/tr\/bhaaas-mediacentar-sarajevo-i-agencija-republic-pokrecu-projekat-razvoja-naucnog-novinarstva-u-bosni-i-hercegovini\/#breadcrumb"},"inLanguage":"tr-TR","potentialAction":[{"@type":"ReadAction","target":["https:\/\/re-public.ba\/tr\/bhaaas-mediacentar-sarajevo-i-agencija-republic-pokrecu-projekat-razvoja-naucnog-novinarstva-u-bosni-i-hercegovini\/"]}]},{"@type":"BreadcrumbList","@id":"https:\/\/re-public.ba\/tr\/bhaaas-mediacentar-sarajevo-i-agencija-republic-pokrecu-projekat-razvoja-naucnog-novinarstva-u-bosni-i-hercegovini\/#breadcrumb","itemListElement":[{"@type":"ListItem","position":1,"name":"BHAAAS, Mediacentar Sarajevo i agencija Republic pokre\u0107u projekat razvoja nau\u010dnog novinarstva u Bosni i Hercegovini"}]},{"@type":"Person","@id":"https:\/\/re-public.ba\/#\/schema\/person\/f0b106edc6cdc295b6099c90ecab02b3","name":"Republic Sarajevo","url":"https:\/\/re-public.ba\/tr\/author\/republicsa\/"}]}},"_links":{"self":[{"href":"https:\/\/re-public.ba\/tr\/wp-json\/wp\/v2\/posts\/1816"}],"collection":[{"href":"https:\/\/re-public.ba\/tr\/wp-json\/wp\/v2\/posts"}],"about":[{"href":"https:\/\/re-public.ba\/tr\/wp-json\/wp\/v2\/types\/post"}],"author":[{"embeddable":true,"href":"https:\/\/re-public.ba\/tr\/wp-json\/wp\/v2\/users\/2"}],"replies":[{"embeddable":true,"href":"https:\/\/re-public.ba\/tr\/wp-json\/wp\/v2\/comments?post=1816"}],"version-history":[{"count":0,"href":"https:\/\/re-public.ba\/tr\/wp-json\/wp\/v2\/posts\/1816\/revisions"}],"wp:featuredmedia":[{"embeddable":true,"href":"https:\/\/re-public.ba\/tr\/wp-json\/wp\/v2\/media\/1809"}],"wp:attachment":[{"href":"https:\/\/re-public.ba\/tr\/wp-json\/wp\/v2\/media?parent=1816"}],"wp:term":[{"taxonomy":"category","embeddable":true,"href":"https:\/\/re-public.ba\/tr\/wp-json\/wp\/v2\/categories?post=1816"},{"taxonomy":"post_tag","embeddable":true,"href":"https:\/\/re-public.ba\/tr\/wp-json\/wp\/v2\/tags?post=1816"}],"curies":[{"name":"wp","href":"https:\/\/api.w.org\/{rel}","templated":true}]}}